{"id":69,"date":"2020-05-05T15:01:24","date_gmt":"2020-05-05T13:01:24","guid":{"rendered":"http:\/\/www.the-witching-hour.com\/blog\/?p=69"},"modified":"2025-09-21T13:00:32","modified_gmt":"2025-09-21T11:00:32","slug":"le-sabbat-de-mabon-21-septembre","status":"publish","type":"post","link":"https:\/\/www.the-witching-hour.com\/blog\/index.php\/le-sabbat-de-mabon-21-septembre\/","title":{"rendered":"Le sabbat de Mabon \u2013 \u00c9quinoxe d&rsquo;automne"},"content":{"rendered":"\n<p class=\"has-drop-cap\">Le sabbat de Mabon a lieu lors de l&rsquo;\u00e9quinoxe d&rsquo;automne, soit entre le 21 et le 23 septembre selon les ann\u00e9es. \u00c9galement nomm\u00e9 Feast of Avalon, le sabbat de Mabon tire son nom d\u2019un Dieu Gallois de la fertilit\u00e9 masculine dont le nom complet est Mabon Ap Modron (ce qui signifie \u00ab\u00a0le fils divin d&rsquo;une m\u00e8re divine\u00a0\u00bb).<\/p>\n\n\n\n<p>\u00c0 l\u2019origine le Dieu Mabon est le fils de la D\u00e9esse Galloise Modron (dont le nom signifie m\u00e8re divine). Sa vie est assez pauvre en l\u00e9gendes connues, en dehors de celle qui fait part de son enl\u00e8vement \u00e0 l\u2019\u00e2ge de 3 jours et de son emprisonnement. Il est donc fort possible que Mabon soit un Dieu plus ancien, peut \u00eatre Maponos, Dieu celte de la jeunesse.<\/p>\n\n\n\n<h2 class=\"wp-block-heading\">Les th\u00e8mes principaux du sabbat de Mabon<\/h2>\n\n\n\n<p>Lors du sabbat de Mabon, le jour et la nuit sont \u00e9gaux, formant un \u00e9quilibre parfait entre la lumi\u00e8re et les t\u00e9n\u00e8bres. Cet \u00e9quilibre vous invite \u00e0 accepter l&rsquo;ambivalence de l&rsquo;univers, et de tout ce qui le compose, y compris vous m\u00eame. Prenez conscience que vous \u00eates fait d&rsquo;ombre et de lumi\u00e8re, et qu&rsquo;aucune de ces deux parties ne doit \u00eatre reni\u00e9e. Votre part de t\u00e9n\u00e8bres doit au contraire \u00eatre transcend\u00e9e afin d&rsquo;\u00eatre utilis\u00e9e \u00e0 bon escient.<\/p>\n\n\n\n<p>C\u2019est aussi le d\u00e9but du d\u00e9clin du soleil, la fin des r\u00e9coltes et l\u2019arriv\u00e9e du froid de l\u2019hiver. <strong>C\u2019est donc le moment d&rsquo;\u00eatre reconnaissant pour les bienfaits de la nature, pour la nourriture et la chaleur qu&rsquo;elle nous a procur\u00e9e.<\/strong><\/p>\n\n\n\n<figure class=\"wp-block-image size-large is-style-default\"><img loading=\"lazy\" decoding=\"async\" width=\"1024\" height=\"683\" src=\"http:\/\/www.the-witching-hour.com\/blog\/wp-content\/uploads\/2021\/09\/nature-3151869_1920-1024x683.jpg\" alt=\"\" class=\"wp-image-539\" srcset=\"https:\/\/www.the-witching-hour.com\/blog\/wp-content\/uploads\/2021\/09\/nature-3151869_1920-1024x683.jpg 1024w, https:\/\/www.the-witching-hour.com\/blog\/wp-content\/uploads\/2021\/09\/nature-3151869_1920-300x200.jpg 300w, https:\/\/www.the-witching-hour.com\/blog\/wp-content\/uploads\/2021\/09\/nature-3151869_1920-768x512.jpg 768w, https:\/\/www.the-witching-hour.com\/blog\/wp-content\/uploads\/2021\/09\/nature-3151869_1920-1536x1024.jpg 1536w, https:\/\/www.the-witching-hour.com\/blog\/wp-content\/uploads\/2021\/09\/nature-3151869_1920-90x60.jpg 90w, https:\/\/www.the-witching-hour.com\/blog\/wp-content\/uploads\/2021\/09\/nature-3151869_1920.jpg 1920w\" sizes=\"(max-width: 1024px) 100vw, 1024px\" \/><\/figure>\n\n\n\n<p><strong>L\u2019objectif premier des rituels de ce sabbat est la protection<\/strong>, en vue du froid hivernal et de l&rsquo;endormissement de la nature qui se rapprochent. Car si l&rsquo;on se projette dans les temps anciens, o\u00f9 la nourriture n&rsquo;\u00e9tait pas aussi abondante qu&rsquo;aujourd&rsquo;hui, l&rsquo;automne et l&rsquo;hiver pouvait \u00eatre des saisons difficiles o\u00f9 l&rsquo;on craignait la maladie et la faim.<\/p>\n\n\n\n<p>De nos jours les besoins ont chang\u00e9, et les rituels de protection se tourneront g\u00e9n\u00e9ralement plut\u00f4t vers la sant\u00e9, le confort et la s\u00e9curit\u00e9. Chaque praticien est libre de d\u00e9cider selon ses besoins, il n&rsquo;y a bien s\u00fbr rien d&rsquo;impos\u00e9.<\/p>\n\n\n\n<p><strong>Cette f\u00eate symbolise \u00e9galement la vieillesse et l\u2019acceptation de la mort.<\/strong> C\u2019est aussi une p\u00e9riode propice aux myst\u00e8res, \u00e0 la compr\u00e9hension de v\u00e9rit\u00e9s occultes, \u00e0 la spiritualit\u00e9 et au spiritisme.<\/p>\n\n\n\n<h2 class=\"wp-block-heading\">C\u00e9l\u00e9brer le sabbat de Mabon<\/h2>\n\n\n\n<h3 class=\"wp-block-heading\">D\u00e9corer votre maison<\/h3>\n\n\n\n<p>Les sabbats c\u00e9l\u00e9brant les saisons, lors de Mabon, vous pouvez en profiter pour d\u00e9corer votre maison avec des feuilles s\u00e9ch\u00e9es de toutes esp\u00e8ces, du raisin, de la vigne, des pommes de pin, des \u00e9pis de ma\u00efs ou des noix.<\/p>\n\n\n\n<h3 class=\"wp-block-heading\">Le repas de Mabon<\/h3>\n\n\n\n<p>Lors des sabbats, il est g\u00e9n\u00e9ralement conseill\u00e9 de consommer des aliments de saison, afin de ressentir davantage les \u00e9nergies du moment. Les aliments traditionnels de Mabon sont les c\u00e9r\u00e9ales et les f\u00e9culents, le ma\u00efs, le pain de ma\u00efs, la courge, les haricots, les noisettes, les ch\u00e2taignes, les pommes de terre et les oignons.<\/p>\n\n\n\n<h3 class=\"wp-block-heading\">Sur le plan \u00e9sot\u00e9rique<\/h3>\n\n\n\n<p>Lors du sabbat de Mabon, la nappe de votre autel sera de pr\u00e9f\u00e9rence de couleur fonc\u00e9e pour symboliser les t\u00e9n\u00e8bres qui s\u2019avancent et le repos de la nature. Les bougies seront de pr\u00e9f\u00e9rence marron, noire ou en cire vierge. Comme pour tout rituel, pr\u00e9f\u00e9rez plut\u00f4t des bougies naturelles, si possible vegan, et teint\u00e9es dans la masse (il serait dommage d&rsquo;entacher votre c\u00e9l\u00e9bration avec des bougies nocives pour l&rsquo;environnement, alors que vous c\u00e9l\u00e9brez justement la nature et ses cycles).<\/p>\n\n\n\n<p>Bien entendu, vous pouvez disposer <a href=\"https:\/\/www.the-witching-hour.com\/fr\/44-ornements-d-autel-et-roues-de-l-annee\" target=\"_blank\" rel=\"noreferrer noopener\">une roue de l&rsquo;ann\u00e9e<\/a> sur votre autel, et y disperser de petites pommes de pain, des feuilles mortes et des cristaux. <\/p>\n\n\n\n<figure class=\"wp-block-image size-full is-resized\"><a href=\"https:\/\/www.the-witching-hour.com\/fr\/123-roues-de-l-annee\" target=\"_blank\" rel=\"noreferrer noopener\"><img loading=\"lazy\" decoding=\"async\" width=\"1000\" height=\"1000\" src=\"https:\/\/www.the-witching-hour.com\/blog\/wp-content\/uploads\/2025\/09\/Pentacle-Wicca-2.jpg\" alt=\"\" class=\"wp-image-1078\" style=\"width:495px;height:auto\" srcset=\"https:\/\/www.the-witching-hour.com\/blog\/wp-content\/uploads\/2025\/09\/Pentacle-Wicca-2.jpg 1000w, https:\/\/www.the-witching-hour.com\/blog\/wp-content\/uploads\/2025\/09\/Pentacle-Wicca-2-300x300.jpg 300w, https:\/\/www.the-witching-hour.com\/blog\/wp-content\/uploads\/2025\/09\/Pentacle-Wicca-2-150x150.jpg 150w, https:\/\/www.the-witching-hour.com\/blog\/wp-content\/uploads\/2025\/09\/Pentacle-Wicca-2-768x768.jpg 768w, https:\/\/www.the-witching-hour.com\/blog\/wp-content\/uploads\/2025\/09\/Pentacle-Wicca-2-60x60.jpg 60w, https:\/\/www.the-witching-hour.com\/blog\/wp-content\/uploads\/2025\/09\/Pentacle-Wicca-2-468x468.jpg 468w\" sizes=\"(max-width: 1000px) 100vw, 1000px\" \/><\/a><\/figure>\n\n\n\n<p>Vous pouvez \u00e9galement disposer des statuettes, des photos ou tout autre objets qui rendra hommage aux d\u00e9it\u00e9s auxquelles vous vous rattachez.<\/p>\n\n\n\n<figure class=\"wp-block-gallery has-nested-images columns-default is-cropped wp-block-gallery-1 is-layout-flex wp-block-gallery-is-layout-flex\">\n<figure class=\"wp-block-image size-large\"><img loading=\"lazy\" decoding=\"async\" width=\"1024\" height=\"1024\" data-id=\"1080\" src=\"https:\/\/www.the-witching-hour.com\/blog\/wp-content\/uploads\/2025\/09\/Roue-de-lannee-Lilith-noire-2-copie-1024x1024.jpg\" alt=\"\" class=\"wp-image-1080\" srcset=\"https:\/\/www.the-witching-hour.com\/blog\/wp-content\/uploads\/2025\/09\/Roue-de-lannee-Lilith-noire-2-copie-1024x1024.jpg 1024w, https:\/\/www.the-witching-hour.com\/blog\/wp-content\/uploads\/2025\/09\/Roue-de-lannee-Lilith-noire-2-copie-300x300.jpg 300w, https:\/\/www.the-witching-hour.com\/blog\/wp-content\/uploads\/2025\/09\/Roue-de-lannee-Lilith-noire-2-copie-150x150.jpg 150w, https:\/\/www.the-witching-hour.com\/blog\/wp-content\/uploads\/2025\/09\/Roue-de-lannee-Lilith-noire-2-copie-768x768.jpg 768w, https:\/\/www.the-witching-hour.com\/blog\/wp-content\/uploads\/2025\/09\/Roue-de-lannee-Lilith-noire-2-copie-1536x1536.jpg 1536w, https:\/\/www.the-witching-hour.com\/blog\/wp-content\/uploads\/2025\/09\/Roue-de-lannee-Lilith-noire-2-copie-60x60.jpg 60w, https:\/\/www.the-witching-hour.com\/blog\/wp-content\/uploads\/2025\/09\/Roue-de-lannee-Lilith-noire-2-copie-468x468.jpg 468w, https:\/\/www.the-witching-hour.com\/blog\/wp-content\/uploads\/2025\/09\/Roue-de-lannee-Lilith-noire-2-copie.jpg 2000w\" sizes=\"(max-width: 1024px) 100vw, 1024px\" \/><\/figure>\n\n\n\n<figure class=\"wp-block-image size-large\"><img loading=\"lazy\" decoding=\"async\" width=\"1024\" height=\"1024\" data-id=\"1081\" src=\"https:\/\/www.the-witching-hour.com\/blog\/wp-content\/uploads\/2025\/09\/Roue-Morrigan-2-copie-1024x1024.jpg\" alt=\"\" class=\"wp-image-1081\" srcset=\"https:\/\/www.the-witching-hour.com\/blog\/wp-content\/uploads\/2025\/09\/Roue-Morrigan-2-copie-1024x1024.jpg 1024w, https:\/\/www.the-witching-hour.com\/blog\/wp-content\/uploads\/2025\/09\/Roue-Morrigan-2-copie-300x300.jpg 300w, https:\/\/www.the-witching-hour.com\/blog\/wp-content\/uploads\/2025\/09\/Roue-Morrigan-2-copie-150x150.jpg 150w, https:\/\/www.the-witching-hour.com\/blog\/wp-content\/uploads\/2025\/09\/Roue-Morrigan-2-copie-768x768.jpg 768w, https:\/\/www.the-witching-hour.com\/blog\/wp-content\/uploads\/2025\/09\/Roue-Morrigan-2-copie-1536x1536.jpg 1536w, https:\/\/www.the-witching-hour.com\/blog\/wp-content\/uploads\/2025\/09\/Roue-Morrigan-2-copie-60x60.jpg 60w, https:\/\/www.the-witching-hour.com\/blog\/wp-content\/uploads\/2025\/09\/Roue-Morrigan-2-copie-468x468.jpg 468w, https:\/\/www.the-witching-hour.com\/blog\/wp-content\/uploads\/2025\/09\/Roue-Morrigan-2-copie.jpg 2000w\" sizes=\"(max-width: 1024px) 100vw, 1024px\" \/><\/figure>\n<\/figure>\n\n\n\n<p><strong>Vous pouvez pratiquer des rituels de protection ou favorisant la prosp\u00e9rit\u00e9.<\/strong> Vous pouvez aussi rendre hommage aux d\u00e9funts en allant fleurir leur tombe, en vous adressant \u00e0 eux, ou en leur offrant un petit pr\u00e9sent que vous installerez sur votre autel pour l&rsquo;occasion.<\/p>\n\n\n\n<p><strong>Vous pouvez aussi pratiquer <a href=\"http:\/\/www.the-witching-hour.com\/blog\/index.php\/spiritisme-est-ce-mal-de-contacter-les-esprits\/\" target=\"_blank\" rel=\"noreferrer noopener\">le spiritisme<\/a><\/strong> (attention si vous \u00eates novice, cela peut s&rsquo;av\u00e9rer dangereux, ne pratiquez jamais sans vous \u00eatre renseign\u00e9 auparavant), soit gr\u00e2ce \u00e0 l&rsquo;\u00e9criture automatique, soit par le biais d&rsquo;une <a href=\"https:\/\/www.the-witching-hour.com\/fr\/110-planches-ouija\" target=\"_blank\" rel=\"noreferrer noopener\">planche ouija<\/a>.<\/p>\n\n\n\n<figure class=\"wp-block-image size-large is-resized\"><a href=\"https:\/\/www.the-witching-hour.com\/fr\/110-planches-ouija\" target=\"_blank\" rel=\"noreferrer noopener\"><img loading=\"lazy\" decoding=\"async\" width=\"1024\" height=\"1024\" src=\"https:\/\/www.the-witching-hour.com\/blog\/wp-content\/uploads\/2025\/09\/Ouija-Lilith-15-copie-1024x1024.jpg\" alt=\"\" class=\"wp-image-1082\" style=\"width:491px;height:auto\" srcset=\"https:\/\/www.the-witching-hour.com\/blog\/wp-content\/uploads\/2025\/09\/Ouija-Lilith-15-copie-1024x1024.jpg 1024w, https:\/\/www.the-witching-hour.com\/blog\/wp-content\/uploads\/2025\/09\/Ouija-Lilith-15-copie-300x300.jpg 300w, https:\/\/www.the-witching-hour.com\/blog\/wp-content\/uploads\/2025\/09\/Ouija-Lilith-15-copie-150x150.jpg 150w, https:\/\/www.the-witching-hour.com\/blog\/wp-content\/uploads\/2025\/09\/Ouija-Lilith-15-copie-768x768.jpg 768w, https:\/\/www.the-witching-hour.com\/blog\/wp-content\/uploads\/2025\/09\/Ouija-Lilith-15-copie-1536x1536.jpg 1536w, https:\/\/www.the-witching-hour.com\/blog\/wp-content\/uploads\/2025\/09\/Ouija-Lilith-15-copie-60x60.jpg 60w, https:\/\/www.the-witching-hour.com\/blog\/wp-content\/uploads\/2025\/09\/Ouija-Lilith-15-copie-468x468.jpg 468w, https:\/\/www.the-witching-hour.com\/blog\/wp-content\/uploads\/2025\/09\/Ouija-Lilith-15-copie.jpg 2000w\" sizes=\"(max-width: 1024px) 100vw, 1024px\" \/><\/a><\/figure>\n\n\n\n<p>Le sabbat de Mabon vous invite <strong>\u00e0 m\u00e9diter sur vous m\u00eame et sur les \u00e9nergies de la saison<\/strong>. Vous pouvez aussi en profiter pour <strong>faire un rituel d&rsquo;ancrage<\/strong>, particuli\u00e8rement n\u00e9cessaire si vous \u00eates m\u00e9dium et\/ou hypersensible.<\/p>\n\n\n\n<p><strong>Vous pouvez bien s\u00fbr travailler avec votre guide ou votre veilleur<\/strong> si vous en avez un, et le laisser guider votre c\u00e9l\u00e9bration afin d&rsquo;en profiter pleinement.<\/p>\n\n\n\n<p>Lors de ce sabbat, il est important de <strong>faire un point sur votre vie et de faire une introspection profonde.<\/strong> C&rsquo;est le moment de d\u00e9cider de neutraliser vos \u00e9ventuelles mauvaises intentions et de solder vos dettes. Le sabbat de Mabon vous invite aussi \u00e0 favoriser les projets qui vous permettront d&rsquo;apporter le bonheur et l&rsquo;abondance dans votre vie.<\/p>\n\n\n\n<p>Enfin, comme pour tous les sabbats, vous pouvez effectuer quelques tirages avec vos cartes ou <a href=\"https:\/\/www.the-witching-hour.com\/fr\/79-runes\" target=\"_blank\" rel=\"noreferrer noopener\">vos runes<\/a>, afin d&rsquo;\u00eatre guider sur les meilleures d\u00e9cisions \u00e0 prendre dans votre vie.<\/p>\n\n\n\n<h2 class=\"wp-block-heading\">Les pierres du sabbat de Mabon<\/h2>\n\n\n\n<ul>\n<li><a href=\"https:\/\/www.the-witching-hour.com\/fr\/pierres-roulees\/654-quartz-gros-modele.html\" target=\"_blank\" rel=\"noreferrer noopener\">Le quartz<\/a>, pierre incontournable, vous permettra de mieux vous concentrer lors de la m\u00e9ditation, d&rsquo;\u00e9lever votre fr\u00e9quence vibratoire, et de d\u00e9velopper votre intuition. \u00c0 tenir dans vos mains lors de la m\u00e9ditation, ou \u00e0 poser sur votre autel durant vos tirages, ou encore autour de votre planche ouija.<\/li>\n\n\n\n<li><a href=\"https:\/\/www.the-witching-hour.com\/fr\/pierres-roulees\/663-labradorite.html\" target=\"_blank\" rel=\"noreferrer noopener\">La labradorite<\/a> vous aidera \u00e0 \u00e9lever votre conscience et \u00e0 stimuler vos capacit\u00e9s psychiques<\/li>\n\n\n\n<li><a href=\"https:\/\/www.the-witching-hour.com\/fr\/pierres-roulees\/545-amethyste-en-chevrons-gros-modele.html\" target=\"_blank\" rel=\"noreferrer noopener\">L&rsquo;am\u00e9thyste<\/a>, pour vous aider \u00e0 m\u00e9diter plus profond\u00e9ment si vous avez du mal \u00e0 rester concentr\u00e9<\/li>\n\n\n\n<li><a href=\"https:\/\/www.the-witching-hour.com\/fr\/pierres-roulees\/380-jaspe-rouge-gros-modele.html\" target=\"_blank\" rel=\"noreferrer noopener\">Le jaspe rouge<\/a> pour l&rsquo;ancrage<\/li>\n\n\n\n<li><a href=\"https:\/\/www.the-witching-hour.com\/fr\/colliers-et-pendentifs-esoteriques\/238-1702-pendentif-pentacle-millianae.html#\/78-choix_des_pierres-ambre\" target=\"_blank\" rel=\"noreferrer noopener\">L&rsquo;ambre<\/a>, pour l&rsquo;ancrage et la purification des chakras. Cette r\u00e9sine fossilis\u00e9e vous accompagnera \u00e9galement dans vos prises de d\u00e9cisions.<\/li>\n\n\n\n<li><a href=\"https:\/\/www.the-witching-hour.com\/fr\/pentacles-et-pentagrammes\/724-2511-pendentif-pentagramme-solenia.html#\/46-longueur_de_la_chaine-46_cm\/117-choix_des_pierres-obsidienne_oeil_celeste\" target=\"_blank\" rel=\"noreferrer noopener\">L&rsquo;obsidienne oeil c\u00e9leste<\/a>, pour la protection et l&rsquo;introspection.<\/li>\n<\/ul>\n\n\n\n<p><\/p>\n\n\n\n<h2 class=\"wp-block-heading\">Recette d<strong>&lsquo;encens de Mabon<\/strong><\/h2>\n\n\n\n<p>-Une part de bois de santal<br>-Une part de cypr\u00e8s<br>-Une part de gen\u00e9vrier<br>-Une part d\u2019aiguilles de pin<br>-Une demi-part de mousse de ch\u00eane<br>-Une pinc\u00e9e de feuilles de ch\u00eane<\/p>\n\n\n\n<p><\/p>\n\n\n\n<p><em>Bien entendu, tout ceci ne sont que des indications, un fil d&rsquo;Arian que chacun est libre de suivre ou non afin de c\u00e9l\u00e9brer Mabon comme bon lui semble, on ne le r\u00e9p\u00e9tera jamais assez, les sabbats doivent avant tout \u00eatre des c\u00e9l\u00e9brations tr\u00e8s personnelles<\/em>&nbsp;<\/p>\n\n\n<div class=\"wp-block-image\">\n<figure class=\"aligncenter size-large\"><img loading=\"lazy\" decoding=\"async\" width=\"400\" height=\"110\" src=\"http:\/\/www.the-witching-hour.com\/blog\/wp-content\/uploads\/2020\/05\/Barre-noire-1-400.jpg\" alt=\"\" class=\"wp-image-43\" srcset=\"https:\/\/www.the-witching-hour.com\/blog\/wp-content\/uploads\/2020\/05\/Barre-noire-1-400.jpg 400w, https:\/\/www.the-witching-hour.com\/blog\/wp-content\/uploads\/2020\/05\/Barre-noire-1-400-300x83.jpg 300w, https:\/\/www.the-witching-hour.com\/blog\/wp-content\/uploads\/2020\/05\/Barre-noire-1-400-218x60.jpg 218w\" sizes=\"(max-width: 400px) 100vw, 400px\" \/><\/figure><\/div>","protected":false},"excerpt":{"rendered":"<p>Le sabbat de Mabon a lieu lors de l&rsquo;\u00e9quinoxe d&rsquo;automne, soit entre le 21 et le 23 septembre selon les ann\u00e9es. \u00c9galement nomm\u00e9 Feast of Avalon, le sabbat de Mabon tire son nom d\u2019un Dieu Gallois de la fertilit\u00e9 masculine dont le nom complet est Mabon Ap Modron (ce qui signifie \u00ab\u00a0le fils divin d&rsquo;une &hellip; <\/p>\n","protected":false},"author":1,"featured_media":70,"comment_status":"open","ping_status":"open","sticky":false,"template":"","format":"standard","meta":{"footnotes":""},"categories":[15,14],"tags":[30,34,21,35,31,36,32,20,33],"yoast_head":"<!-- This site is optimized with the Yoast SEO plugin v21.2 - https:\/\/yoast.com\/wordpress\/plugins\/seo\/ -->\n<title>Le sabbat de Mabon \u2013 \u00c9quinoxe d&#039;automne - The Witching Hour<\/title>\n<meta name=\"description\" content=\"Le sabbat de Mabon a lieu lors de l&#039;\u00e9quinoxe d&#039;automne, soit entre le 21 et le 23 septembre. Ce sabbat tire son nom du Dieu Mabon Ap Modron...\" \/>\n<meta name=\"robots\" content=\"index, follow, max-snippet:-1, max-image-preview:large, max-video-preview:-1\" \/>\n<link rel=\"canonical\" href=\"https:\/\/www.the-witching-hour.com\/blog\/index.php\/le-sabbat-de-mabon-21-septembre\/\" \/>\n<meta property=\"og:locale\" content=\"fr_FR\" \/>\n<meta property=\"og:type\" content=\"article\" \/>\n<meta property=\"og:title\" content=\"Le sabbat de Mabon \u2013 \u00c9quinoxe d&#039;automne - The Witching Hour\" \/>\n<meta property=\"og:description\" content=\"Le sabbat de Mabon a lieu lors de l&#039;\u00e9quinoxe d&#039;automne, soit entre le 21 et le 23 septembre. Ce sabbat tire son nom du Dieu Mabon Ap Modron...\" \/>\n<meta property=\"og:url\" content=\"https:\/\/www.the-witching-hour.com\/blog\/index.php\/le-sabbat-de-mabon-21-septembre\/\" \/>\n<meta property=\"og:site_name\" content=\"The Witching Hour\" \/>\n<meta property=\"article:publisher\" content=\"https:\/\/www.facebook.com\/The.Witching.Hour.Shop\" \/>\n<meta property=\"article:published_time\" content=\"2020-05-05T13:01:24+00:00\" \/>\n<meta property=\"article:modified_time\" content=\"2025-09-21T11:00:32+00:00\" \/>\n<meta property=\"og:image\" content=\"https:\/\/www.the-witching-hour.com\/blog\/wp-content\/uploads\/2020\/05\/15400377_1320784737942581_8560624722173335757_n-1.jpg\" \/>\n\t<meta property=\"og:image:width\" content=\"900\" \/>\n\t<meta property=\"og:image:height\" content=\"600\" \/>\n\t<meta property=\"og:image:type\" content=\"image\/jpeg\" \/>\n<meta name=\"author\" content=\"Melliarine\" \/>\n<meta name=\"twitter:card\" content=\"summary_large_image\" \/>\n<meta name=\"twitter:label1\" content=\"\u00c9crit par\" \/>\n\t<meta name=\"twitter:data1\" content=\"Melliarine\" \/>\n\t<meta name=\"twitter:label2\" content=\"Dur\u00e9e de lecture estim\u00e9e\" \/>\n\t<meta name=\"twitter:data2\" content=\"7 minutes\" \/>\n<script type=\"application\/ld+json\" class=\"yoast-schema-graph\">{\"@context\":\"https:\/\/schema.org\",\"@graph\":[{\"@type\":\"Article\",\"@id\":\"https:\/\/www.the-witching-hour.com\/blog\/index.php\/le-sabbat-de-mabon-21-septembre\/#article\",\"isPartOf\":{\"@id\":\"https:\/\/www.the-witching-hour.com\/blog\/index.php\/le-sabbat-de-mabon-21-septembre\/\"},\"author\":{\"name\":\"Melliarine\",\"@id\":\"http:\/\/www.the-witching-hour.com\/blog\/#\/schema\/person\/64ef4c9caef4bd63c15dc8160d0cd347\"},\"headline\":\"Le sabbat de Mabon \u2013 \u00c9quinoxe d&rsquo;automne\",\"datePublished\":\"2020-05-05T13:01:24+00:00\",\"dateModified\":\"2025-09-21T11:00:32+00:00\",\"mainEntityOfPage\":{\"@id\":\"https:\/\/www.the-witching-hour.com\/blog\/index.php\/le-sabbat-de-mabon-21-septembre\/\"},\"wordCount\":1141,\"commentCount\":0,\"publisher\":{\"@id\":\"http:\/\/www.the-witching-hour.com\/blog\/#organization\"},\"keywords\":[\"calendrier pa\u00efen\",\"c\u00e9l\u00e9bration pa\u00efenne\",\"f\u00eate pa\u00efenne\",\"Mabon\",\"sabbat\",\"sabbat automne\",\"sabbat de Mabon\",\"sabbat des sorci\u00e8res\",\"sabbat pa\u00efen\"],\"articleSection\":[\"C\u00e9l\u00e9bration des sabbats\",\"\u00c9sot\u00e9risme\"],\"inLanguage\":\"fr-FR\",\"potentialAction\":[{\"@type\":\"CommentAction\",\"name\":\"Comment\",\"target\":[\"https:\/\/www.the-witching-hour.com\/blog\/index.php\/le-sabbat-de-mabon-21-septembre\/#respond\"]}]},{\"@type\":\"WebPage\",\"@id\":\"https:\/\/www.the-witching-hour.com\/blog\/index.php\/le-sabbat-de-mabon-21-septembre\/\",\"url\":\"https:\/\/www.the-witching-hour.com\/blog\/index.php\/le-sabbat-de-mabon-21-septembre\/\",\"name\":\"Le sabbat de Mabon \u2013 \u00c9quinoxe d'automne - The Witching Hour\",\"isPartOf\":{\"@id\":\"http:\/\/www.the-witching-hour.com\/blog\/#website\"},\"datePublished\":\"2020-05-05T13:01:24+00:00\",\"dateModified\":\"2025-09-21T11:00:32+00:00\",\"description\":\"Le sabbat de Mabon a lieu lors de l'\u00e9quinoxe d'automne, soit entre le 21 et le 23 septembre. Ce sabbat tire son nom du Dieu Mabon Ap Modron...\",\"breadcrumb\":{\"@id\":\"https:\/\/www.the-witching-hour.com\/blog\/index.php\/le-sabbat-de-mabon-21-septembre\/#breadcrumb\"},\"inLanguage\":\"fr-FR\",\"potentialAction\":[{\"@type\":\"ReadAction\",\"target\":[\"https:\/\/www.the-witching-hour.com\/blog\/index.php\/le-sabbat-de-mabon-21-septembre\/\"]}]},{\"@type\":\"BreadcrumbList\",\"@id\":\"https:\/\/www.the-witching-hour.com\/blog\/index.php\/le-sabbat-de-mabon-21-septembre\/#breadcrumb\",\"itemListElement\":[{\"@type\":\"ListItem\",\"position\":1,\"name\":\"Accueil\",\"item\":\"http:\/\/www.the-witching-hour.com\/blog\/\"},{\"@type\":\"ListItem\",\"position\":2,\"name\":\"Le sabbat de Mabon \u2013 \u00c9quinoxe d&rsquo;automne\"}]},{\"@type\":\"WebSite\",\"@id\":\"http:\/\/www.the-witching-hour.com\/blog\/#website\",\"url\":\"http:\/\/www.the-witching-hour.com\/blog\/\",\"name\":\"The Witching Hour\",\"description\":\"Art et artisanat \u00e9sot\u00e9rique\",\"publisher\":{\"@id\":\"http:\/\/www.the-witching-hour.com\/blog\/#organization\"},\"potentialAction\":[{\"@type\":\"SearchAction\",\"target\":{\"@type\":\"EntryPoint\",\"urlTemplate\":\"http:\/\/www.the-witching-hour.com\/blog\/?s={search_term_string}\"},\"query-input\":\"required name=search_term_string\"}],\"inLanguage\":\"fr-FR\"},{\"@type\":\"Organization\",\"@id\":\"http:\/\/www.the-witching-hour.com\/blog\/#organization\",\"name\":\"The Witching Hour\",\"url\":\"http:\/\/www.the-witching-hour.com\/blog\/\",\"logo\":{\"@type\":\"ImageObject\",\"inLanguage\":\"fr-FR\",\"@id\":\"http:\/\/www.the-witching-hour.com\/blog\/#\/schema\/logo\/image\/\",\"url\":\"https:\/\/www.the-witching-hour.com\/blog\/wp-content\/uploads\/2023\/01\/The-Witching-Hour-2021-2-copie.png\",\"contentUrl\":\"https:\/\/www.the-witching-hour.com\/blog\/wp-content\/uploads\/2023\/01\/The-Witching-Hour-2021-2-copie.png\",\"width\":1890,\"height\":654,\"caption\":\"The Witching Hour\"},\"image\":{\"@id\":\"http:\/\/www.the-witching-hour.com\/blog\/#\/schema\/logo\/image\/\"},\"sameAs\":[\"https:\/\/www.facebook.com\/The.Witching.Hour.Shop\",\"https:\/\/www.instagram.com\/thewitchinghourart\/\"]},{\"@type\":\"Person\",\"@id\":\"http:\/\/www.the-witching-hour.com\/blog\/#\/schema\/person\/64ef4c9caef4bd63c15dc8160d0cd347\",\"name\":\"Melliarine\",\"image\":{\"@type\":\"ImageObject\",\"inLanguage\":\"fr-FR\",\"@id\":\"http:\/\/www.the-witching-hour.com\/blog\/#\/schema\/person\/image\/\",\"url\":\"https:\/\/www.the-witching-hour.com\/blog\/wp-content\/uploads\/2020\/11\/IMG_2705-avatar-150x150.jpg\",\"contentUrl\":\"https:\/\/www.the-witching-hour.com\/blog\/wp-content\/uploads\/2020\/11\/IMG_2705-avatar-150x150.jpg\",\"caption\":\"Melliarine\"},\"description\":\"Fondatrice de la marque The Witching Hour, je cr\u00e9e l'ensemble des bijoux et du mat\u00e9riel \u00e9sot\u00e9rique disponible sur la boutique. En grande passionn\u00e9 d'art, d'\u00e9sot\u00e9risme et de nature, je vous invite \u00e0 d\u00e9couvrir mon travail, mes inspirations, et partage avec vous de nombreux articles sur la divination, la lithoth\u00e9rapie, le paganisme, les capacit\u00e9s extrasensorielles...et bien d'autres choses encore!\",\"sameAs\":[\"https:\/\/www.the-witching-hour.com\",\"https:\/\/www.instagram.com\/melliarine.asbelifer\/\"],\"url\":\"https:\/\/www.the-witching-hour.com\/blog\/index.php\/author\/melliarine\/\"}]}<\/script>\n<!-- \/ Yoast SEO plugin. -->","yoast_head_json":{"title":"Le sabbat de Mabon \u2013 \u00c9quinoxe d'automne - The Witching Hour","description":"Le sabbat de Mabon a lieu lors de l'\u00e9quinoxe d'automne, soit entre le 21 et le 23 septembre. Ce sabbat tire son nom du Dieu Mabon Ap Modron...","robots":{"index":"index","follow":"follow","max-snippet":"max-snippet:-1","max-image-preview":"max-image-preview:large","max-video-preview":"max-video-preview:-1"},"canonical":"https:\/\/www.the-witching-hour.com\/blog\/index.php\/le-sabbat-de-mabon-21-septembre\/","og_locale":"fr_FR","og_type":"article","og_title":"Le sabbat de Mabon \u2013 \u00c9quinoxe d'automne - The Witching Hour","og_description":"Le sabbat de Mabon a lieu lors de l'\u00e9quinoxe d'automne, soit entre le 21 et le 23 septembre. Ce sabbat tire son nom du Dieu Mabon Ap Modron...","og_url":"https:\/\/www.the-witching-hour.com\/blog\/index.php\/le-sabbat-de-mabon-21-septembre\/","og_site_name":"The Witching Hour","article_publisher":"https:\/\/www.facebook.com\/The.Witching.Hour.Shop","article_published_time":"2020-05-05T13:01:24+00:00","article_modified_time":"2025-09-21T11:00:32+00:00","og_image":[{"width":900,"height":600,"url":"https:\/\/www.the-witching-hour.com\/blog\/wp-content\/uploads\/2020\/05\/15400377_1320784737942581_8560624722173335757_n-1.jpg","type":"image\/jpeg"}],"author":"Melliarine","twitter_card":"summary_large_image","twitter_misc":{"\u00c9crit par":"Melliarine","Dur\u00e9e de lecture estim\u00e9e":"7 minutes"},"schema":{"@context":"https:\/\/schema.org","@graph":[{"@type":"Article","@id":"https:\/\/www.the-witching-hour.com\/blog\/index.php\/le-sabbat-de-mabon-21-septembre\/#article","isPartOf":{"@id":"https:\/\/www.the-witching-hour.com\/blog\/index.php\/le-sabbat-de-mabon-21-septembre\/"},"author":{"name":"Melliarine","@id":"http:\/\/www.the-witching-hour.com\/blog\/#\/schema\/person\/64ef4c9caef4bd63c15dc8160d0cd347"},"headline":"Le sabbat de Mabon \u2013 \u00c9quinoxe d&rsquo;automne","datePublished":"2020-05-05T13:01:24+00:00","dateModified":"2025-09-21T11:00:32+00:00","mainEntityOfPage":{"@id":"https:\/\/www.the-witching-hour.com\/blog\/index.php\/le-sabbat-de-mabon-21-septembre\/"},"wordCount":1141,"commentCount":0,"publisher":{"@id":"http:\/\/www.the-witching-hour.com\/blog\/#organization"},"keywords":["calendrier pa\u00efen","c\u00e9l\u00e9bration pa\u00efenne","f\u00eate pa\u00efenne","Mabon","sabbat","sabbat automne","sabbat de Mabon","sabbat des sorci\u00e8res","sabbat pa\u00efen"],"articleSection":["C\u00e9l\u00e9bration des sabbats","\u00c9sot\u00e9risme"],"inLanguage":"fr-FR","potentialAction":[{"@type":"CommentAction","name":"Comment","target":["https:\/\/www.the-witching-hour.com\/blog\/index.php\/le-sabbat-de-mabon-21-septembre\/#respond"]}]},{"@type":"WebPage","@id":"https:\/\/www.the-witching-hour.com\/blog\/index.php\/le-sabbat-de-mabon-21-septembre\/","url":"https:\/\/www.the-witching-hour.com\/blog\/index.php\/le-sabbat-de-mabon-21-septembre\/","name":"Le sabbat de Mabon \u2013 \u00c9quinoxe d'automne - The Witching Hour","isPartOf":{"@id":"http:\/\/www.the-witching-hour.com\/blog\/#website"},"datePublished":"2020-05-05T13:01:24+00:00","dateModified":"2025-09-21T11:00:32+00:00","description":"Le sabbat de Mabon a lieu lors de l'\u00e9quinoxe d'automne, soit entre le 21 et le 23 septembre. Ce sabbat tire son nom du Dieu Mabon Ap Modron...","breadcrumb":{"@id":"https:\/\/www.the-witching-hour.com\/blog\/index.php\/le-sabbat-de-mabon-21-septembre\/#breadcrumb"},"inLanguage":"fr-FR","potentialAction":[{"@type":"ReadAction","target":["https:\/\/www.the-witching-hour.com\/blog\/index.php\/le-sabbat-de-mabon-21-septembre\/"]}]},{"@type":"BreadcrumbList","@id":"https:\/\/www.the-witching-hour.com\/blog\/index.php\/le-sabbat-de-mabon-21-septembre\/#breadcrumb","itemListElement":[{"@type":"ListItem","position":1,"name":"Accueil","item":"http:\/\/www.the-witching-hour.com\/blog\/"},{"@type":"ListItem","position":2,"name":"Le sabbat de Mabon \u2013 \u00c9quinoxe d&rsquo;automne"}]},{"@type":"WebSite","@id":"http:\/\/www.the-witching-hour.com\/blog\/#website","url":"http:\/\/www.the-witching-hour.com\/blog\/","name":"The Witching Hour","description":"Art et artisanat \u00e9sot\u00e9rique","publisher":{"@id":"http:\/\/www.the-witching-hour.com\/blog\/#organization"},"potentialAction":[{"@type":"SearchAction","target":{"@type":"EntryPoint","urlTemplate":"http:\/\/www.the-witching-hour.com\/blog\/?s={search_term_string}"},"query-input":"required name=search_term_string"}],"inLanguage":"fr-FR"},{"@type":"Organization","@id":"http:\/\/www.the-witching-hour.com\/blog\/#organization","name":"The Witching Hour","url":"http:\/\/www.the-witching-hour.com\/blog\/","logo":{"@type":"ImageObject","inLanguage":"fr-FR","@id":"http:\/\/www.the-witching-hour.com\/blog\/#\/schema\/logo\/image\/","url":"https:\/\/www.the-witching-hour.com\/blog\/wp-content\/uploads\/2023\/01\/The-Witching-Hour-2021-2-copie.png","contentUrl":"https:\/\/www.the-witching-hour.com\/blog\/wp-content\/uploads\/2023\/01\/The-Witching-Hour-2021-2-copie.png","width":1890,"height":654,"caption":"The Witching Hour"},"image":{"@id":"http:\/\/www.the-witching-hour.com\/blog\/#\/schema\/logo\/image\/"},"sameAs":["https:\/\/www.facebook.com\/The.Witching.Hour.Shop","https:\/\/www.instagram.com\/thewitchinghourart\/"]},{"@type":"Person","@id":"http:\/\/www.the-witching-hour.com\/blog\/#\/schema\/person\/64ef4c9caef4bd63c15dc8160d0cd347","name":"Melliarine","image":{"@type":"ImageObject","inLanguage":"fr-FR","@id":"http:\/\/www.the-witching-hour.com\/blog\/#\/schema\/person\/image\/","url":"https:\/\/www.the-witching-hour.com\/blog\/wp-content\/uploads\/2020\/11\/IMG_2705-avatar-150x150.jpg","contentUrl":"https:\/\/www.the-witching-hour.com\/blog\/wp-content\/uploads\/2020\/11\/IMG_2705-avatar-150x150.jpg","caption":"Melliarine"},"description":"Fondatrice de la marque The Witching Hour, je cr\u00e9e l'ensemble des bijoux et du mat\u00e9riel \u00e9sot\u00e9rique disponible sur la boutique. En grande passionn\u00e9 d'art, d'\u00e9sot\u00e9risme et de nature, je vous invite \u00e0 d\u00e9couvrir mon travail, mes inspirations, et partage avec vous de nombreux articles sur la divination, la lithoth\u00e9rapie, le paganisme, les capacit\u00e9s extrasensorielles...et bien d'autres choses encore!","sameAs":["https:\/\/www.the-witching-hour.com","https:\/\/www.instagram.com\/melliarine.asbelifer\/"],"url":"https:\/\/www.the-witching-hour.com\/blog\/index.php\/author\/melliarine\/"}]}},"_links":{"self":[{"href":"https:\/\/www.the-witching-hour.com\/blog\/index.php\/wp-json\/wp\/v2\/posts\/69"}],"collection":[{"href":"https:\/\/www.the-witching-hour.com\/blog\/index.php\/wp-json\/wp\/v2\/posts"}],"about":[{"href":"https:\/\/www.the-witching-hour.com\/blog\/index.php\/wp-json\/wp\/v2\/types\/post"}],"author":[{"embeddable":true,"href":"https:\/\/www.the-witching-hour.com\/blog\/index.php\/wp-json\/wp\/v2\/users\/1"}],"replies":[{"embeddable":true,"href":"https:\/\/www.the-witching-hour.com\/blog\/index.php\/wp-json\/wp\/v2\/comments?post=69"}],"version-history":[{"count":8,"href":"https:\/\/www.the-witching-hour.com\/blog\/index.php\/wp-json\/wp\/v2\/posts\/69\/revisions"}],"predecessor-version":[{"id":1083,"href":"https:\/\/www.the-witching-hour.com\/blog\/index.php\/wp-json\/wp\/v2\/posts\/69\/revisions\/1083"}],"wp:featuredmedia":[{"embeddable":true,"href":"https:\/\/www.the-witching-hour.com\/blog\/index.php\/wp-json\/wp\/v2\/media\/70"}],"wp:attachment":[{"href":"https:\/\/www.the-witching-hour.com\/blog\/index.php\/wp-json\/wp\/v2\/media?parent=69"}],"wp:term":[{"taxonomy":"category","embeddable":true,"href":"https:\/\/www.the-witching-hour.com\/blog\/index.php\/wp-json\/wp\/v2\/categories?post=69"},{"taxonomy":"post_tag","embeddable":true,"href":"https:\/\/www.the-witching-hour.com\/blog\/index.php\/wp-json\/wp\/v2\/tags?post=69"}],"curies":[{"name":"wp","href":"https:\/\/api.w.org\/{rel}","templated":true}]}}